{"id":12337,"date":"2023-03-24T22:52:22","date_gmt":"2023-03-25T01:52:22","guid":{"rendered":"https:\/\/bonitoecotour.com\/blog\/?p=12337"},"modified":"2023-07-17T19:27:05","modified_gmt":"2023-07-17T22:27:05","slug":"como-se-formou-a-gruta-do-lago-azul","status":"publish","type":"post","link":"https:\/\/bonitoecotour.com\/blog\/como-se-formou-a-gruta-do-lago-azul\/","title":{"rendered":"Como se formou a Gruta do Lago Azul?"},"content":{"rendered":"<p>A <a href=\"https:\/\/bonitoecotour.com\/passeios-em-bonito-ms\/passeios-em-grutas-em-bonito-ms\/gruta-do-lago-azul-bonito-ms\/\">Gruta do Lago Azul<\/a> \u00e9 um destino tur\u00edstico popular no Brasil, localizado no estado de Mato Grosso do Sul. \u00c9 um lugar de beleza natural espetacular, com uma lagoa de \u00e1gua cristalina que reflete as cores das forma\u00e7\u00f5es rochosas ao redor. Mas como essa gruta incr\u00edvel se formou? Neste artigo, vamos explorar a geologia por tr\u00e1s da Gruta do Lago Azul e como ela evoluiu ao longo do tempo.<\/p>\n\t\t<div class=\"web-stories-list alignnone has-archive-link is-view-type-circles is-style-default is-carousel\" data-id=\"1\">\n\t\t\t<div class=\"web-stories-list__inner-wrapper carousel-1\" style=\"--ws-circle-size:150px\">\n\t\t\t\t\t\t\t\t\t<div class=\"web-stories-list__carousel circles\" data-id=\"carousel-1\">\n\t\t\t\t\t\t\t\t\t<div class=\"web-stories-list__story\">\n\t\t\t\t\t\t\t<div class=\"web-stories-list__story-poster\">\n\t\t\t\t<a href=\"https:\/\/bonitoecotour.com\/blog\/web-stories\/conheca-o-rapel-na-boca-da-onca-ms\/\" >\n\t\t\t\t\t<img\n\t\t\t\t\t\tsrc=\"https:\/\/bonitoecotour.com\/blog\/wp-content\/uploads\/2022\/10\/cropped-Boca-da-Onca-em-Bonito-MS.04.jpg\"\n\t\t\t\t\t\talt=\"Viva uma Experi\u00eancia Inesquec\u00edvel: Rapel na Boca da On\u00e7a MS\"\n\t\t\t\t\t\twidth=\"185\"\n\t\t\t\t\t\theight=\"308\"\n\t\t\t\t\t\t\t\t\t\t\t\t\tsrcset=\"https:\/\/bonitoecotour.com\/blog\/wp-content\/uploads\/2022\/10\/cropped-Boca-da-Onca-em-Bonito-MS.04.jpg 640w, https:\/\/bonitoecotour.com\/blog\/wp-content\/uploads\/2022\/10\/cropped-Boca-da-Onca-em-Bonito-MS.04-225x300.jpg 225w, https:\/\/bonitoecotour.com\/blog\/wp-content\/uploads\/2022\/10\/cropped-Boca-da-Onca-em-Bonito-MS.04-150x200.jpg 150w\"\n\t\t\t\t\t\t\t\t\t\t\t\t\t\t\t\t\t\t\tsizes=\"(max-width: 640px) 100vw, 640px\"\n\t\t\t\t\t\t\t\t\t\t\t\tloading=\"lazy\"\n\t\t\t\t\t\tdecoding=\"async\"\n\t\t\t\t\t>\n\t\t\t\t<\/a>\n\t\t\t<\/div>\n\t\t\t\t\t\t<\/div>\n\t\t\t\t\t\t<div class=\"web-stories-list__story\">\n\t\t\t\t\t\t\t<div class=\"web-stories-list__story-poster\">\n\t\t\t\t<a href=\"https:\/\/bonitoecotour.com\/blog\/web-stories\/viajar-para-bonito-gravida\/\" >\n\t\t\t\t\t<img\n\t\t\t\t\t\tsrc=\"https:\/\/bonitoecotour.com\/blog\/wp-content\/uploads\/2022\/12\/cropped-husband-with-pregnant-wife-and-their-son-sitting-in-car-1-scaled-1-640x853.jpg\"\n\t\t\t\t\t\talt=\"Viajar para Bonito gravida\"\n\t\t\t\t\t\twidth=\"185\"\n\t\t\t\t\t\theight=\"308\"\n\t\t\t\t\t\t\t\t\t\t\t\t\tsrcset=\"https:\/\/bonitoecotour.com\/blog\/wp-content\/uploads\/2022\/12\/cropped-husband-with-pregnant-wife-and-their-son-sitting-in-car-1-scaled-1.jpg 640w, https:\/\/bonitoecotour.com\/blog\/wp-content\/uploads\/2022\/12\/cropped-husband-with-pregnant-wife-and-their-son-sitting-in-car-1-scaled-1-225x300.jpg 225w, https:\/\/bonitoecotour.com\/blog\/wp-content\/uploads\/2022\/12\/cropped-husband-with-pregnant-wife-and-their-son-sitting-in-car-1-scaled-1-150x200.jpg 150w\"\n\t\t\t\t\t\t\t\t\t\t\t\t\t\t\t\t\t\t\tsizes=\"(max-width: 640px) 100vw, 640px\"\n\t\t\t\t\t\t\t\t\t\t\t\tloading=\"lazy\"\n\t\t\t\t\t\tdecoding=\"async\"\n\t\t\t\t\t>\n\t\t\t\t<\/a>\n\t\t\t<\/div>\n\t\t\t\t\t\t<\/div>\n\t\t\t\t\t\t<div class=\"web-stories-list__story\">\n\t\t\t\t\t\t\t<div class=\"web-stories-list__story-poster\">\n\t\t\t\t<a href=\"https:\/\/bonitoecotour.com\/blog\/web-stories\/viagem-para-bonito-ms-veja-as-melhores-dicas\/\" >\n\t\t\t\t\t<img\n\t\t\t\t\t\tsrc=\"https:\/\/bonitoecotour.com\/blog\/wp-content\/uploads\/2022\/09\/cropped-Viagem-para-bonito-ms-Veja-as-melhores-dicas.-01-640x853.png\"\n\t\t\t\t\t\talt=\"Viagem para bonito ms &#8211; Veja as melhores dicas.\"\n\t\t\t\t\t\twidth=\"185\"\n\t\t\t\t\t\theight=\"308\"\n\t\t\t\t\t\t\t\t\t\t\t\t\tsrcset=\"https:\/\/bonitoecotour.com\/blog\/wp-content\/uploads\/2022\/09\/cropped-Viagem-para-bonito-ms-Veja-as-melhores-dicas.-01.png 640w, https:\/\/bonitoecotour.com\/blog\/wp-content\/uploads\/2022\/09\/cropped-Viagem-para-bonito-ms-Veja-as-melhores-dicas.-01-225x300.png 225w, https:\/\/bonitoecotour.com\/blog\/wp-content\/uploads\/2022\/09\/cropped-Viagem-para-bonito-ms-Veja-as-melhores-dicas.-01-150x200.png 150w\"\n\t\t\t\t\t\t\t\t\t\t\t\t\t\t\t\t\t\t\tsizes=\"(max-width: 640px) 100vw, 640px\"\n\t\t\t\t\t\t\t\t\t\t\t\tloading=\"lazy\"\n\t\t\t\t\t\tdecoding=\"async\"\n\t\t\t\t\t>\n\t\t\t\t<\/a>\n\t\t\t<\/div>\n\t\t\t\t\t\t<\/div>\n\t\t\t\t\t\t<div class=\"web-stories-list__story\">\n\t\t\t\t\t\t\t<div class=\"web-stories-list__story-poster\">\n\t\t\t\t<a href=\"https:\/\/bonitoecotour.com\/blog\/web-stories\/viagem-para-bonito-ms\/\" >\n\t\t\t\t\t<img\n\t\t\t\t\t\tsrc=\"https:\/\/bonitoecotour.com\/blog\/wp-content\/uploads\/2024\/02\/cropped-image-67.png\"\n\t\t\t\t\t\talt=\"VIAGEM PARA BONITO MS\"\n\t\t\t\t\t\twidth=\"185\"\n\t\t\t\t\t\theight=\"308\"\n\t\t\t\t\t\t\t\t\t\t\t\t\tsrcset=\"https:\/\/bonitoecotour.com\/blog\/wp-content\/uploads\/2024\/02\/cropped-image-67.png 640w, https:\/\/bonitoecotour.com\/blog\/wp-content\/uploads\/2024\/02\/cropped-image-67-225x300.png 225w, https:\/\/bonitoecotour.com\/blog\/wp-content\/uploads\/2024\/02\/cropped-image-67-150x200.png 150w\"\n\t\t\t\t\t\t\t\t\t\t\t\t\t\t\t\t\t\t\tsizes=\"(max-width: 640px) 100vw, 640px\"\n\t\t\t\t\t\t\t\t\t\t\t\tloading=\"lazy\"\n\t\t\t\t\t\tdecoding=\"async\"\n\t\t\t\t\t>\n\t\t\t\t<\/a>\n\t\t\t<\/div>\n\t\t\t\t\t\t<\/div>\n\t\t\t\t\t\t<div class=\"web-stories-list__story\">\n\t\t\t\t\t\t\t<div class=\"web-stories-list__story-poster\">\n\t\t\t\t<a href=\"https:\/\/bonitoecotour.com\/blog\/web-stories\/veja-como-foi-nossa-experiencia-inesquecivel-com-a-bonito-ecotour\/\" >\n\t\t\t\t\t<img\n\t\t\t\t\t\tsrc=\"https:\/\/bonitoecotour.com\/blog\/wp-content\/uploads\/2022\/12\/cropped-boia-croos-rio-formoso.webp\"\n\t\t\t\t\t\talt=\"Veja Como Foi Nossa Experi\u00eancia Inesquec\u00edvel com a Bonito Ecotour\"\n\t\t\t\t\t\twidth=\"185\"\n\t\t\t\t\t\theight=\"308\"\n\t\t\t\t\t\t\t\t\t\t\t\t\tsrcset=\"https:\/\/bonitoecotour.com\/blog\/wp-content\/uploads\/2022\/12\/cropped-boia-croos-rio-formoso.webp 640w, https:\/\/bonitoecotour.com\/blog\/wp-content\/uploads\/2022\/12\/cropped-boia-croos-rio-formoso-225x300.webp 225w, https:\/\/bonitoecotour.com\/blog\/wp-content\/uploads\/2022\/12\/cropped-boia-croos-rio-formoso-150x200.webp 150w\"\n\t\t\t\t\t\t\t\t\t\t\t\t\t\t\t\t\t\t\tsizes=\"(max-width: 640px) 100vw, 640px\"\n\t\t\t\t\t\t\t\t\t\t\t\tloading=\"lazy\"\n\t\t\t\t\t\tdecoding=\"async\"\n\t\t\t\t\t>\n\t\t\t\t<\/a>\n\t\t\t<\/div>\n\t\t\t\t\t\t<\/div>\n\t\t\t\t\t\t\t\t<\/div>\n\t\t\t\t\t<div tabindex=\"0\" aria-label=\"Voltar\" class=\"glider-prev\"><\/div>\n\t\t\t\t\t<div tabindex=\"0\" aria-label=\"Avan\u00e7ar\" class=\"glider-next\"><\/div>\n\t\t\t\t\t\t\t\t<\/div>\n\t\t<\/div>\n\t\t\n<h2>O que \u00e9 a Gruta do Lago Azul?<\/h2>\n<p><a href=\"https:\/\/bonitoecotour.com\/passeios-em-bonito-ms\/passeios-em-grutas-em-bonito-ms\/gruta-do-lago-azul-bonito-ms\/\"><img decoding=\"async\" class=\"aligncenter wp-image-11062 size-full\" src=\"https:\/\/bonitoecotour.com\/blog\/wp-content\/uploads\/2022\/12\/gruta-do-lago-azul-em-bonito-ms-NASCENTE-AZUL.jpg\" alt=\"Grutas do Lago Azul em Bonito MS\" width=\"1024\" height=\"768\" srcset=\"https:\/\/bonitoecotour.com\/blog\/wp-content\/uploads\/2022\/12\/gruta-do-lago-azul-em-bonito-ms-NASCENTE-AZUL.jpg 1024w, https:\/\/bonitoecotour.com\/blog\/wp-content\/uploads\/2022\/12\/gruta-do-lago-azul-em-bonito-ms-NASCENTE-AZUL-300x225.jpg 300w, https:\/\/bonitoecotour.com\/blog\/wp-content\/uploads\/2022\/12\/gruta-do-lago-azul-em-bonito-ms-NASCENTE-AZUL-768x576.jpg 768w, https:\/\/bonitoecotour.com\/blog\/wp-content\/uploads\/2022\/12\/gruta-do-lago-azul-em-bonito-ms-NASCENTE-AZUL-150x113.jpg 150w\" sizes=\"(max-width: 1024px) 100vw, 1024px\" \/><\/a><\/p>\n<p>Antes de mergulharmos na <a href=\"https:\/\/bonitoecotour.com\/blog\/porque-a-agua-da-gruta-do-lago-azul-e-azul\/\">forma\u00e7\u00e3o da Gruta do Lago Azul<\/a>, vamos primeiro entender o que \u00e9 essa maravilha natural. A Gruta do Lago Azul \u00e9 uma caverna calc\u00e1ria localizada no munic\u00edpio de <a href=\"https:\/\/bonitoecotour.com\/\">Bonito<\/a>, no estado de Mato Grosso do Sul, Brasil. \u00c9 uma das principais atra\u00e7\u00f5es tur\u00edsticas da regi\u00e3o e foi descoberta em 1924. A caverna tem 90 metros de profundidade, com uma lagoa de \u00e1gua azul cristalina no fundo.<\/p>\n<h2>Forma\u00e7\u00e3o de cavernas calc\u00e1rias<\/h2>\n<p>Para entender como a Gruta do Lago Azul se formou, precisamos primeiro entender como as cavernas calc\u00e1rias s\u00e3o formadas. Cavernas calc\u00e1rias s\u00e3o formadas por um processo geol\u00f3gico conhecido como dissolu\u00e7\u00e3o qu\u00edmica. A \u00e1gua da chuva se infiltra no solo e percola atrav\u00e9s de rochas calc\u00e1rias, como calc\u00e1rio e dolomita. \u00c0 medida que a \u00e1gua percola atrav\u00e9s dessas rochas, ela dissolve o carbonato de c\u00e1lcio, que \u00e9 o principal componente dessas rochas. Com o tempo, esse processo pode criar grandes cavernas subterr\u00e2neas.<\/p>\n<h2>Evolu\u00e7\u00e3o da Gruta do Lago Azul<\/h2>\n<p>A forma\u00e7\u00e3o da Gruta do Lago Azul come\u00e7ou h\u00e1 milh\u00f5es de anos, durante o per\u00edodo Cret\u00e1ceo. Nessa \u00e9poca, a regi\u00e3o era coberta por um mar raso, onde se acumularam camadas de calc\u00e1rio e argila. Com o tempo, a atividade tect\u00f4nica levantou essas camadas acima do n\u00edvel do mar, expondo-as \u00e0 eros\u00e3o.<\/p>\n<p>Ao longo de milhares de anos, a \u00e1gua da chuva infiltrou-se nas camadas de calc\u00e1rio e come\u00e7ou a dissolver o carbonato de c\u00e1lcio. Com o tempo, a dissolu\u00e7\u00e3o criou uma rede complexa de cavernas subterr\u00e2neas, incluindo a Gruta do Lago Azul.<\/p>\n<p>O lago cristalino na Gruta do Lago Azul \u00e9 alimentado por um rio subterr\u00e2neo que corre atrav\u00e9s da caverna. A \u00e1gua nesse rio \u00e9 extremamente pura e cristalina, o que d\u00e1 \u00e0 lagoa sua cor azul caracter\u00edstica.<\/p>\n<h2>Medidas de preserva\u00e7\u00e3o<\/h2>\n<p>Para proteger a Gruta do Lago Azul, medidas de preserva\u00e7\u00e3o foram implementadas. A visita\u00e7\u00e3o \u00e9 limitada e monitorada, e os visitantes s\u00e3o instru\u00eddos a n\u00e3o tocar nas forma\u00e7\u00f5es rochosas ou na \u00e1gua da lagoa. Tamb\u00e9m existem regulamenta\u00e7\u00f5es sobre o uso de protetores de sapatos e o descarte adequado de res\u00edduos. A extra\u00e7\u00e3o de calc\u00e1rio nas proximidades tamb\u00e9m \u00e9 regulamentada para minimizar o impacto ambiental.<\/p>\n<h2>Conclus\u00e3o<\/h2>\n<p>A Gruta do Lago Azul \u00e9 um exemplo impressionante de como a natureza pode criar maravilhas \u00fanicas e belas. A evolu\u00e7\u00e3o da Gruta do Lago Azul ao longo do tempo \u00e9 um lembrete da complexidade e da fragilidade do nosso planeta. Para preservar essa maravilha natural, \u00e9 importante tomar medidas de preserva\u00e7\u00e3o adequadas e garantir que as gera\u00e7\u00f5es futuras tamb\u00e9m possam apreciar <a href=\"https:\/\/bonitoecotour.com\/blog\/tudo-sobre-a-gruta-do-lago-azul-de-bonito-ms\/\">a beleza da Gruta do Lago Azul<\/a>.<\/p>\n<h2>Perguntas Frequentes (FAQs)<\/h2>\n<ol>\n<li>Qual \u00e9 a profundidade da Gruta do Lago Azul?<\/li>\n<\/ol>\n<ul>\n<li>A caverna tem 90 metros de profundidade.<\/li>\n<\/ul>\n<ol start=\"2\">\n<li>Como a lagoa na Gruta do Lago Azul fica t\u00e3o azul?<\/li>\n<\/ol>\n<ul>\n<li>A \u00e1gua na lagoa \u00e9 extremamente pura e cristalina, o que d\u00e1 \u00e0 lagoa sua cor azul caracter\u00edstica.<\/li>\n<\/ul>\n<ol start=\"3\">\n<li>A Gruta do Lago Azul \u00e9 aberta o ano todo para visita\u00e7\u00e3o?<\/li>\n<\/ol>\n<ul>\n<li>N\u00e3o, a caverna \u00e9 fechada para visita\u00e7\u00e3o durante a \u00e9poca de reprodu\u00e7\u00e3o dos morcegos.<\/li>\n<\/ul>\n<ol start=\"4\">\n<li>O que \u00e9 feito para preservar a Gruta do Lago Azul?<\/li>\n<\/ol>\n<ul>\n<li>A visita\u00e7\u00e3o \u00e9 limitada e monitorada, e existem regulamenta\u00e7\u00f5es sobre o uso de protetores de sapatos e o descarte adequado de res\u00edduos. A extra\u00e7\u00e3o de calc\u00e1rio nas proximidades tamb\u00e9m \u00e9 regulamentada.<\/li>\n<\/ul>\n<ol start=\"5\">\n<li>Quando foi descoberta a Gruta do Lago Azul?<\/li>\n<\/ol>\n<ul>\n<li>A caverna foi descoberta em 1924.<\/li>\n<\/ul>\n","protected":false},"excerpt":{"rendered":"<p>A Gruta do Lago Azul \u00e9 um destino tur\u00edstico popular no Brasil, localizado no estado de Mato Grosso do Sul. \u00c9 um lugar de beleza natural espetacular, com uma lagoa de \u00e1gua cristalina que reflete as cores das forma\u00e7\u00f5es rochosas ao redor. Mas como essa gruta incr\u00edvel se formou? Neste artigo, vamos explorar a geologia &hellip;<\/p>\n<p class=\"read-more\"> <a class=\"\" href=\"https:\/\/bonitoecotour.com\/blog\/como-se-formou-a-gruta-do-lago-azul\/\"> <span class=\"screen-reader-text\">Como se formou a Gruta do Lago Azul?<\/span> Leia mais \u00bb<\/a><\/p>\n","protected":false},"author":1,"featured_media":302,"comment_status":"closed","ping_status":"closed","sticky":false,"template":"","format":"standard","meta":{"site-sidebar-layout":"default","site-content-layout":"default","ast-global-header-display":"","ast-main-header-display":"","ast-hfb-above-header-display":"","ast-hfb-below-header-display":"","ast-hfb-mobile-header-display":"","site-post-title":"","ast-breadcrumbs-content":"","ast-featured-img":"","footer-sml-layout":"","theme-transparent-header-meta":"default","adv-header-id-meta":"","stick-header-meta":"default","header-above-stick-meta":"","header-main-stick-meta":"","header-below-stick-meta":"","_joinchat":[]},"categories":[2069],"tags":[],"_links":{"self":[{"href":"https:\/\/bonitoecotour.com\/blog\/wp-json\/wp\/v2\/posts\/12337"}],"collection":[{"href":"https:\/\/bonitoecotour.com\/blog\/wp-json\/wp\/v2\/posts"}],"about":[{"href":"https:\/\/bonitoecotour.com\/blog\/wp-json\/wp\/v2\/types\/post"}],"author":[{"embeddable":true,"href":"https:\/\/bonitoecotour.com\/blog\/wp-json\/wp\/v2\/users\/1"}],"replies":[{"embeddable":true,"href":"https:\/\/bonitoecotour.com\/blog\/wp-json\/wp\/v2\/comments?post=12337"}],"version-history":[{"count":4,"href":"https:\/\/bonitoecotour.com\/blog\/wp-json\/wp\/v2\/posts\/12337\/revisions"}],"predecessor-version":[{"id":12797,"href":"https:\/\/bonitoecotour.com\/blog\/wp-json\/wp\/v2\/posts\/12337\/revisions\/12797"}],"wp:featuredmedia":[{"embeddable":true,"href":"https:\/\/bonitoecotour.com\/blog\/wp-json\/wp\/v2\/media\/302"}],"wp:attachment":[{"href":"https:\/\/bonitoecotour.com\/blog\/wp-json\/wp\/v2\/media?parent=12337"}],"wp:term":[{"taxonomy":"category","embeddable":true,"href":"https:\/\/bonitoecotour.com\/blog\/wp-json\/wp\/v2\/categories?post=12337"},{"taxonomy":"post_tag","embeddable":true,"href":"https:\/\/bonitoecotour.com\/blog\/wp-json\/wp\/v2\/tags?post=12337"}],"curies":[{"name":"wp","href":"https:\/\/api.w.org\/{rel}","templated":true}]}}